{"id":1406,"date":"2021-11-16T16:47:02","date_gmt":"2021-11-16T15:47:02","guid":{"rendered":"https:\/\/www.treesforfuture.be\/?p=1406"},"modified":"2021-12-01T16:49:20","modified_gmt":"2021-12-01T15:49:20","slug":"launch-of-the-2021-2022-planting-campaign","status":"publish","type":"post","link":"https:\/\/www.treesforfuture.be\/en\/launch-of-the-2021-2022-planting-campaign\/","title":{"rendered":"Launch of the 2021-2022 planting campaign"},"content":{"rendered":"<p><em>Trees for Future<\/em>&#8216;s 2021-2022 planting season began on November 16 in Jenneret (Durbuy) under the gaze of the media.<\/p>\n<p>On this occasion, 400 Bosnian pines and 400 Hungarian oaks were planted on the plot provided by Mr. Fran\u00e7ois-Ren\u00e9 Greindl.<\/p>\n<p>This winter, around 20,000 trees will be planted in 7 new sites including Saint-L\u00e9ger, Gingelom and Ciergnon.<\/p>\n<p>At the end of this season, <em>Trees for Future<\/em> will include 180 20-acre trial plots spread over 32 sites across Belgium.<\/p>\n<p>Read the <a href=\"https:\/\/www.treesforfuture.be\/wp-content\/uploads\/2021\/11\/1.-Communiquedepresse_TFF.pdf\">full press release<\/a> (in French) here and find the various press releases on the <a href=\"https:\/\/www.treesforfuture.be\/en\/the-project\/coverage-in-the-media\/\">media page<\/a>.<\/p>\n","protected":false},"excerpt":{"rendered":"<p>Trees for Future&#8216;s 2021-2022 planting season began on November 16 in Jenneret (Durbuy) under the gaze of the media. On this occasion, 400 Bosnian pines and 400 Hungarian oaks were planted on the plot provided by Mr. Fran\u00e7ois-Ren\u00e9 Greindl. This winter, around 20,000 trees will be planted in 7 new sites including Saint-L\u00e9ger, Gingelom and&hellip;<\/p>\n","protected":false},"author":6,"featured_media":1350,"comment_status":"closed","ping_status":"closed","sticky":false,"template":"","format":"standard","meta":{"footnotes":""},"categories":[21],"tags":[],"class_list":["post-1406","post","type-post","status-publish","format-standard","has-post-thumbnail","hentry","category-uncategorized","category-21","description-off"],"yoast_head":"<!-- This site is optimized with the Yoast SEO plugin v27.5 - https:\/\/yoast.com\/product\/yoast-seo-wordpress\/ -->\n<title>Launch of the 2021-2022 planting campaign - TREES FOR FUTURE<\/title>\n<meta name=\"robots\" content=\"index, follow, max-snippet:-1, max-image-preview:large, max-video-preview:-1\" \/>\n<link rel=\"canonical\" href=\"https:\/\/www.treesforfuture.be\/en\/launch-of-the-2021-2022-planting-campaign\/\" \/>\n<meta property=\"og:locale\" content=\"en_US\" \/>\n<meta property=\"og:type\" content=\"article\" \/>\n<meta property=\"og:title\" content=\"Launch of the 2021-2022 planting campaign - TREES FOR FUTURE\" \/>\n<meta property=\"og:description\" content=\"Trees for Future&#8216;s 2021-2022 planting season began on November 16 in Jenneret (Durbuy) under the gaze of the media. On this occasion, 400 Bosnian pines and 400 Hungarian oaks were planted on the plot provided by Mr. Fran\u00e7ois-Ren\u00e9 Greindl. This winter, around 20,000 trees will be planted in 7 new sites including Saint-L\u00e9ger, Gingelom and&hellip;\" \/>\n<meta property=\"og:url\" content=\"https:\/\/www.treesforfuture.be\/en\/launch-of-the-2021-2022-planting-campaign\/\" \/>\n<meta property=\"og:site_name\" content=\"TREES FOR FUTURE\" \/>\n<meta property=\"article:published_time\" content=\"2021-11-16T15:47:02+00:00\" \/>\n<meta property=\"article:modified_time\" content=\"2021-12-01T15:49:20+00:00\" \/>\n<meta property=\"og:image\" content=\"https:\/\/www.treesforfuture.be\/wp-content\/uploads\/2021\/11\/IMG-20211116-WA0003.jpg\" \/>\n\t<meta property=\"og:image:width\" content=\"1200\" \/>\n\t<meta property=\"og:image:height\" content=\"900\" \/>\n\t<meta property=\"og:image:type\" content=\"image\/jpeg\" \/>\n<meta name=\"author\" content=\"quercus\" \/>\n<meta name=\"twitter:card\" content=\"summary_large_image\" \/>\n<meta name=\"twitter:label1\" content=\"Written by\" \/>\n\t<meta name=\"twitter:data1\" content=\"quercus\" \/>\n\t<meta name=\"twitter:label2\" content=\"Est. reading time\" \/>\n\t<meta name=\"twitter:data2\" content=\"1 minute\" \/>\n<script type=\"application\/ld+json\" class=\"yoast-schema-graph\">{\"@context\":\"https:\\\/\\\/schema.org\",\"@graph\":[{\"@type\":\"Article\",\"@id\":\"https:\\\/\\\/www.treesforfuture.be\\\/en\\\/launch-of-the-2021-2022-planting-campaign\\\/#article\",\"isPartOf\":{\"@id\":\"https:\\\/\\\/www.treesforfuture.be\\\/en\\\/launch-of-the-2021-2022-planting-campaign\\\/\"},\"author\":{\"name\":\"quercus\",\"@id\":\"https:\\\/\\\/www.treesforfuture.be\\\/#\\\/schema\\\/person\\\/12091b29d9e10984ed42547949e634b8\"},\"headline\":\"Launch of the 2021-2022 planting campaign\",\"datePublished\":\"2021-11-16T15:47:02+00:00\",\"dateModified\":\"2021-12-01T15:49:20+00:00\",\"mainEntityOfPage\":{\"@id\":\"https:\\\/\\\/www.treesforfuture.be\\\/en\\\/launch-of-the-2021-2022-planting-campaign\\\/\"},\"wordCount\":97,\"image\":{\"@id\":\"https:\\\/\\\/www.treesforfuture.be\\\/en\\\/launch-of-the-2021-2022-planting-campaign\\\/#primaryimage\"},\"thumbnailUrl\":\"https:\\\/\\\/www.treesforfuture.be\\\/wp-content\\\/uploads\\\/2021\\\/11\\\/IMG-20211116-WA0003.jpg\",\"inLanguage\":\"en-US\"},{\"@type\":\"WebPage\",\"@id\":\"https:\\\/\\\/www.treesforfuture.be\\\/en\\\/launch-of-the-2021-2022-planting-campaign\\\/\",\"url\":\"https:\\\/\\\/www.treesforfuture.be\\\/en\\\/launch-of-the-2021-2022-planting-campaign\\\/\",\"name\":\"Launch of the 2021-2022 planting campaign - TREES FOR FUTURE\",\"isPartOf\":{\"@id\":\"https:\\\/\\\/www.treesforfuture.be\\\/#website\"},\"primaryImageOfPage\":{\"@id\":\"https:\\\/\\\/www.treesforfuture.be\\\/en\\\/launch-of-the-2021-2022-planting-campaign\\\/#primaryimage\"},\"image\":{\"@id\":\"https:\\\/\\\/www.treesforfuture.be\\\/en\\\/launch-of-the-2021-2022-planting-campaign\\\/#primaryimage\"},\"thumbnailUrl\":\"https:\\\/\\\/www.treesforfuture.be\\\/wp-content\\\/uploads\\\/2021\\\/11\\\/IMG-20211116-WA0003.jpg\",\"datePublished\":\"2021-11-16T15:47:02+00:00\",\"dateModified\":\"2021-12-01T15:49:20+00:00\",\"author\":{\"@id\":\"https:\\\/\\\/www.treesforfuture.be\\\/#\\\/schema\\\/person\\\/12091b29d9e10984ed42547949e634b8\"},\"breadcrumb\":{\"@id\":\"https:\\\/\\\/www.treesforfuture.be\\\/en\\\/launch-of-the-2021-2022-planting-campaign\\\/#breadcrumb\"},\"inLanguage\":\"en-US\",\"potentialAction\":[{\"@type\":\"ReadAction\",\"target\":[\"https:\\\/\\\/www.treesforfuture.be\\\/en\\\/launch-of-the-2021-2022-planting-campaign\\\/\"]}]},{\"@type\":\"ImageObject\",\"inLanguage\":\"en-US\",\"@id\":\"https:\\\/\\\/www.treesforfuture.be\\\/en\\\/launch-of-the-2021-2022-planting-campaign\\\/#primaryimage\",\"url\":\"https:\\\/\\\/www.treesforfuture.be\\\/wp-content\\\/uploads\\\/2021\\\/11\\\/IMG-20211116-WA0003.jpg\",\"contentUrl\":\"https:\\\/\\\/www.treesforfuture.be\\\/wp-content\\\/uploads\\\/2021\\\/11\\\/IMG-20211116-WA0003.jpg\",\"width\":1200,\"height\":900},{\"@type\":\"BreadcrumbList\",\"@id\":\"https:\\\/\\\/www.treesforfuture.be\\\/en\\\/launch-of-the-2021-2022-planting-campaign\\\/#breadcrumb\",\"itemListElement\":[{\"@type\":\"ListItem\",\"position\":1,\"name\":\"Accueil\",\"item\":\"https:\\\/\\\/www.treesforfuture.be\\\/en\\\/\"},{\"@type\":\"ListItem\",\"position\":2,\"name\":\"Launch of the 2021-2022 planting campaign\"}]},{\"@type\":\"WebSite\",\"@id\":\"https:\\\/\\\/www.treesforfuture.be\\\/#website\",\"url\":\"https:\\\/\\\/www.treesforfuture.be\\\/\",\"name\":\"TREES FOR FUTURE\",\"description\":\"\",\"potentialAction\":[{\"@type\":\"SearchAction\",\"target\":{\"@type\":\"EntryPoint\",\"urlTemplate\":\"https:\\\/\\\/www.treesforfuture.be\\\/?s={search_term_string}\"},\"query-input\":{\"@type\":\"PropertyValueSpecification\",\"valueRequired\":true,\"valueName\":\"search_term_string\"}}],\"inLanguage\":\"en-US\"},{\"@type\":\"Person\",\"@id\":\"https:\\\/\\\/www.treesforfuture.be\\\/#\\\/schema\\\/person\\\/12091b29d9e10984ed42547949e634b8\",\"name\":\"quercus\"}]}<\/script>\n<!-- \/ Yoast SEO plugin. -->","yoast_head_json":{"title":"Launch of the 2021-2022 planting campaign - TREES FOR FUTURE","robots":{"index":"index","follow":"follow","max-snippet":"max-snippet:-1","max-image-preview":"max-image-preview:large","max-video-preview":"max-video-preview:-1"},"canonical":"https:\/\/www.treesforfuture.be\/en\/launch-of-the-2021-2022-planting-campaign\/","og_locale":"en_US","og_type":"article","og_title":"Launch of the 2021-2022 planting campaign - TREES FOR FUTURE","og_description":"Trees for Future&#8216;s 2021-2022 planting season began on November 16 in Jenneret (Durbuy) under the gaze of the media. On this occasion, 400 Bosnian pines and 400 Hungarian oaks were planted on the plot provided by Mr. Fran\u00e7ois-Ren\u00e9 Greindl. This winter, around 20,000 trees will be planted in 7 new sites including Saint-L\u00e9ger, Gingelom and&hellip;","og_url":"https:\/\/www.treesforfuture.be\/en\/launch-of-the-2021-2022-planting-campaign\/","og_site_name":"TREES FOR FUTURE","article_published_time":"2021-11-16T15:47:02+00:00","article_modified_time":"2021-12-01T15:49:20+00:00","og_image":[{"width":1200,"height":900,"url":"https:\/\/www.treesforfuture.be\/wp-content\/uploads\/2021\/11\/IMG-20211116-WA0003.jpg","type":"image\/jpeg"}],"author":"quercus","twitter_card":"summary_large_image","twitter_misc":{"Written by":"quercus","Est. reading time":"1 minute"},"schema":{"@context":"https:\/\/schema.org","@graph":[{"@type":"Article","@id":"https:\/\/www.treesforfuture.be\/en\/launch-of-the-2021-2022-planting-campaign\/#article","isPartOf":{"@id":"https:\/\/www.treesforfuture.be\/en\/launch-of-the-2021-2022-planting-campaign\/"},"author":{"name":"quercus","@id":"https:\/\/www.treesforfuture.be\/#\/schema\/person\/12091b29d9e10984ed42547949e634b8"},"headline":"Launch of the 2021-2022 planting campaign","datePublished":"2021-11-16T15:47:02+00:00","dateModified":"2021-12-01T15:49:20+00:00","mainEntityOfPage":{"@id":"https:\/\/www.treesforfuture.be\/en\/launch-of-the-2021-2022-planting-campaign\/"},"wordCount":97,"image":{"@id":"https:\/\/www.treesforfuture.be\/en\/launch-of-the-2021-2022-planting-campaign\/#primaryimage"},"thumbnailUrl":"https:\/\/www.treesforfuture.be\/wp-content\/uploads\/2021\/11\/IMG-20211116-WA0003.jpg","inLanguage":"en-US"},{"@type":"WebPage","@id":"https:\/\/www.treesforfuture.be\/en\/launch-of-the-2021-2022-planting-campaign\/","url":"https:\/\/www.treesforfuture.be\/en\/launch-of-the-2021-2022-planting-campaign\/","name":"Launch of the 2021-2022 planting campaign - TREES FOR FUTURE","isPartOf":{"@id":"https:\/\/www.treesforfuture.be\/#website"},"primaryImageOfPage":{"@id":"https:\/\/www.treesforfuture.be\/en\/launch-of-the-2021-2022-planting-campaign\/#primaryimage"},"image":{"@id":"https:\/\/www.treesforfuture.be\/en\/launch-of-the-2021-2022-planting-campaign\/#primaryimage"},"thumbnailUrl":"https:\/\/www.treesforfuture.be\/wp-content\/uploads\/2021\/11\/IMG-20211116-WA0003.jpg","datePublished":"2021-11-16T15:47:02+00:00","dateModified":"2021-12-01T15:49:20+00:00","author":{"@id":"https:\/\/www.treesforfuture.be\/#\/schema\/person\/12091b29d9e10984ed42547949e634b8"},"breadcrumb":{"@id":"https:\/\/www.treesforfuture.be\/en\/launch-of-the-2021-2022-planting-campaign\/#breadcrumb"},"inLanguage":"en-US","potentialAction":[{"@type":"ReadAction","target":["https:\/\/www.treesforfuture.be\/en\/launch-of-the-2021-2022-planting-campaign\/"]}]},{"@type":"ImageObject","inLanguage":"en-US","@id":"https:\/\/www.treesforfuture.be\/en\/launch-of-the-2021-2022-planting-campaign\/#primaryimage","url":"https:\/\/www.treesforfuture.be\/wp-content\/uploads\/2021\/11\/IMG-20211116-WA0003.jpg","contentUrl":"https:\/\/www.treesforfuture.be\/wp-content\/uploads\/2021\/11\/IMG-20211116-WA0003.jpg","width":1200,"height":900},{"@type":"BreadcrumbList","@id":"https:\/\/www.treesforfuture.be\/en\/launch-of-the-2021-2022-planting-campaign\/#breadcrumb","itemListElement":[{"@type":"ListItem","position":1,"name":"Accueil","item":"https:\/\/www.treesforfuture.be\/en\/"},{"@type":"ListItem","position":2,"name":"Launch of the 2021-2022 planting campaign"}]},{"@type":"WebSite","@id":"https:\/\/www.treesforfuture.be\/#website","url":"https:\/\/www.treesforfuture.be\/","name":"TREES FOR FUTURE","description":"","potentialAction":[{"@type":"SearchAction","target":{"@type":"EntryPoint","urlTemplate":"https:\/\/www.treesforfuture.be\/?s={search_term_string}"},"query-input":{"@type":"PropertyValueSpecification","valueRequired":true,"valueName":"search_term_string"}}],"inLanguage":"en-US"},{"@type":"Person","@id":"https:\/\/www.treesforfuture.be\/#\/schema\/person\/12091b29d9e10984ed42547949e634b8","name":"quercus"}]}},"_links":{"self":[{"href":"https:\/\/www.treesforfuture.be\/en\/wp-json\/wp\/v2\/posts\/1406","targetHints":{"allow":["GET"]}}],"collection":[{"href":"https:\/\/www.treesforfuture.be\/en\/wp-json\/wp\/v2\/posts"}],"about":[{"href":"https:\/\/www.treesforfuture.be\/en\/wp-json\/wp\/v2\/types\/post"}],"author":[{"embeddable":true,"href":"https:\/\/www.treesforfuture.be\/en\/wp-json\/wp\/v2\/users\/6"}],"replies":[{"embeddable":true,"href":"https:\/\/www.treesforfuture.be\/en\/wp-json\/wp\/v2\/comments?post=1406"}],"version-history":[{"count":0,"href":"https:\/\/www.treesforfuture.be\/en\/wp-json\/wp\/v2\/posts\/1406\/revisions"}],"wp:featuredmedia":[{"embeddable":true,"href":"https:\/\/www.treesforfuture.be\/en\/wp-json\/wp\/v2\/media\/1350"}],"wp:attachment":[{"href":"https:\/\/www.treesforfuture.be\/en\/wp-json\/wp\/v2\/media?parent=1406"}],"wp:term":[{"taxonomy":"category","embeddable":true,"href":"https:\/\/www.treesforfuture.be\/en\/wp-json\/wp\/v2\/categories?post=1406"},{"taxonomy":"post_tag","embeddable":true,"href":"https:\/\/www.treesforfuture.be\/en\/wp-json\/wp\/v2\/tags?post=1406"}],"curies":[{"name":"wp","href":"https:\/\/api.w.org\/{rel}","templated":true}]}}